{"id":1856,"date":"2014-03-28T10:50:35","date_gmt":"2014-03-28T09:50:35","guid":{"rendered":"http:\/\/www.servidasenred.net\/net\/?p=1856"},"modified":"2014-03-28T10:51:08","modified_gmt":"2014-03-28T09:51:08","slug":"presentacion","status":"publish","type":"post","link":"https:\/\/www.servidasenred.net\/net\/presentacion\/","title":{"rendered":"La Web de Ser-Vidas en Red"},"content":{"rendered":"<p>El 30 de marzo de 2014, en el <strong>IX Encuentro de la Federaci\u00f3n de Asociaciones de Mujeres de la Alpujarra<\/strong> se pone en marcha la Web de Ser-Vidas en Red.<\/p>\n<p>La apertura de este Sitio Web es un paso importante por varias razones.<\/p>\n<p>Para empezar, la m\u00e1s obvia y evidente: es el <strong>escaparate en la red que permite que a partir de este momento se puedan conseguir los productos y servicios que aqu\u00ed se ofertan<\/strong> y por tanto facilitar la obtenci\u00f3n de recursos para las mujeres que forman parte de esta plataforma.<\/p>\n<p>Y no menos importante es que ahora las mujeres de \u00abSer-Vidas\u00bb tienen en las manos un instrumento de interconexi\u00f3n r\u00e1pida y directa para comentar sobre la marcha c\u00f3mo va la andadura del proyecto, qu\u00e9 cosas est\u00e1n funcionando mejor, cuales se han de modificar y hacia donde avanzar. Al \u00abbuz\u00f3n\u00bb de la web se podr\u00e1n ir enviando sugerencias, ideas y propuestas concretas.<br \/>\n<strong>Tambi\u00e9n es una ventana abierta para compartir tanto los saberes tradicionales c\u00f3mo los conocimientos actuales<\/strong>, para rescatar la sabidur\u00eda campesina que se ha ido transmitiendo por generaciones e incorporar las experiencias adquiridas en la pr\u00e1ctica aqu\u00ed y ahora.<\/p>\n<p>Adem\u00e1s se pretende que sea una p\u00e1gina din\u00e1mica y viva por lo que se ir\u00e1n actualizando continuamente los eventos, anuncios y noticias que tengan que ver con la filosof\u00eda de Ser-Vidas.<\/p>\n","protected":false},"excerpt":{"rendered":"<p>El 30 de marzo de 2014, en el IX Encuentro de la Federaci\u00f3n de Asociaciones de Mujeres de la Alpujarra se pone en marcha la Web de Ser-Vidas en Red. La apertura de este Sitio Web es un paso importante&#8230;<\/p>\n","protected":false},"author":2,"featured_media":1848,"comment_status":"closed","ping_status":"closed","sticky":true,"template":"","format":"standard","meta":{"footnotes":""},"categories":[45],"tags":[],"_links":{"self":[{"href":"https:\/\/www.servidasenred.net\/net\/wp-json\/wp\/v2\/posts\/1856"}],"collection":[{"href":"https:\/\/www.servidasenred.net\/net\/wp-json\/wp\/v2\/posts"}],"about":[{"href":"https:\/\/www.servidasenred.net\/net\/wp-json\/wp\/v2\/types\/post"}],"author":[{"embeddable":true,"href":"https:\/\/www.servidasenred.net\/net\/wp-json\/wp\/v2\/users\/2"}],"replies":[{"embeddable":true,"href":"https:\/\/www.servidasenred.net\/net\/wp-json\/wp\/v2\/comments?post=1856"}],"version-history":[{"count":0,"href":"https:\/\/www.servidasenred.net\/net\/wp-json\/wp\/v2\/posts\/1856\/revisions"}],"wp:featuredmedia":[{"embeddable":true,"href":"https:\/\/www.servidasenred.net\/net\/wp-json\/wp\/v2\/media\/1848"}],"wp:attachment":[{"href":"https:\/\/www.servidasenred.net\/net\/wp-json\/wp\/v2\/media?parent=1856"}],"wp:term":[{"taxonomy":"category","embeddable":true,"href":"https:\/\/www.servidasenred.net\/net\/wp-json\/wp\/v2\/categories?post=1856"},{"taxonomy":"post_tag","embeddable":true,"href":"https:\/\/www.servidasenred.net\/net\/wp-json\/wp\/v2\/tags?post=1856"}],"curies":[{"name":"wp","href":"https:\/\/api.w.org\/{rel}","templated":true}]}}