{"id":4088,"date":"2016-03-28T10:52:33","date_gmt":"2016-03-28T09:52:33","guid":{"rendered":"http:\/\/www.servidasenred.net\/net\/?p=4088"},"modified":"2016-03-28T10:52:33","modified_gmt":"2016-03-28T09:52:33","slug":"no-te-cortes-cuidate","status":"publish","type":"post","link":"https:\/\/www.servidasenred.net\/net\/no-te-cortes-cuidate\/","title":{"rendered":"No te cortes, cu\u00eddate!"},"content":{"rendered":"<p>El Consejo Provincial de Igualdad de la Diputaci\u00f3n de Granada, la Delegaci\u00f3n de Igualdad y Juventud de dicha instituci\u00f3n y el Ayuntamiento de Durcal, organizan el Encuentro Provincial por la Igualdad de G\u00e9nero: No te cortes, CUIDATE que se llevar\u00e1 a cabo el pr\u00f3ximo 9 de Abril de 2016 en la Centro de D\u00eda del Ayuntamiento de Durcal.<\/p>\n<p>Este a\u00f1o se centra la atenci\u00f3n en la salud y los cuidados desde una visi\u00f3n integral y de g\u00e9nero. A la hora de inscribirse tienen prioridad aquellas asociaciones o Federaciones que forman parte del Consejo Provincial de Igualdad (podr\u00e1n inscribirse 5 personas por asociaci\u00f3n) y en segundo lugar, aquellas asociaciones que no est\u00e1n adheridas (2 persona por asociaci\u00f3n) aunque se intentar\u00e1 que todas las interesadas puedan participar.<\/p>\n<p>Para facilitar la participaci\u00f3n y asistencia, se pondr\u00e1 a disposici\u00f3n de las personas que lo necesiten la posibilidad de utilizar el servicio de autob\u00fas, as\u00ed como un servicio de ludotecas.<\/p>\n<p>El plazo de inscripci\u00f3n finaliza el 1 de Abril de 2016 y la inscripci\u00f3n se realizar\u00e1 por riguroso orden de llegada. Cualquier duda contactar con: Isabel 958.24.71.06 (iveigab@dipgra.es) \u2013 Inma 958.24.70.53 (IG_INMA@dipgra.es)<\/p>\n","protected":false},"excerpt":{"rendered":"<p>El Consejo Provincial de Igualdad de la Diputaci\u00f3n de Granada, la Delegaci\u00f3n de Igualdad y Juventud de dicha instituci\u00f3n y el Ayuntamiento de Durcal, organizan el Encuentro Provincial por la Igualdad de G\u00e9nero: No te cortes, CUIDATE que se llevar\u00e1&#8230;<\/p>\n","protected":false},"author":2,"featured_media":4099,"comment_status":"closed","ping_status":"closed","sticky":false,"template":"","format":"standard","meta":{"footnotes":""},"categories":[42,45,25,37],"tags":[],"_links":{"self":[{"href":"https:\/\/www.servidasenred.net\/net\/wp-json\/wp\/v2\/posts\/4088"}],"collection":[{"href":"https:\/\/www.servidasenred.net\/net\/wp-json\/wp\/v2\/posts"}],"about":[{"href":"https:\/\/www.servidasenred.net\/net\/wp-json\/wp\/v2\/types\/post"}],"author":[{"embeddable":true,"href":"https:\/\/www.servidasenred.net\/net\/wp-json\/wp\/v2\/users\/2"}],"replies":[{"embeddable":true,"href":"https:\/\/www.servidasenred.net\/net\/wp-json\/wp\/v2\/comments?post=4088"}],"version-history":[{"count":0,"href":"https:\/\/www.servidasenred.net\/net\/wp-json\/wp\/v2\/posts\/4088\/revisions"}],"wp:featuredmedia":[{"embeddable":true,"href":"https:\/\/www.servidasenred.net\/net\/wp-json\/wp\/v2\/media\/4099"}],"wp:attachment":[{"href":"https:\/\/www.servidasenred.net\/net\/wp-json\/wp\/v2\/media?parent=4088"}],"wp:term":[{"taxonomy":"category","embeddable":true,"href":"https:\/\/www.servidasenred.net\/net\/wp-json\/wp\/v2\/categories?post=4088"},{"taxonomy":"post_tag","embeddable":true,"href":"https:\/\/www.servidasenred.net\/net\/wp-json\/wp\/v2\/tags?post=4088"}],"curies":[{"name":"wp","href":"https:\/\/api.w.org\/{rel}","templated":true}]}}