{"id":4101,"date":"2016-06-02T12:24:29","date_gmt":"2016-06-02T11:24:29","guid":{"rendered":"http:\/\/www.servidasenred.net\/net\/?p=4101"},"modified":"2016-06-02T12:25:14","modified_gmt":"2016-06-02T11:25:14","slug":"xi-encuentro-de-la-federacion-de-asociaciones-de-mujeres-de-la-alpujarra","status":"publish","type":"post","link":"https:\/\/www.servidasenred.net\/net\/xi-encuentro-de-la-federacion-de-asociaciones-de-mujeres-de-la-alpujarra\/","title":{"rendered":"XI Encuentro de la Federaci\u00f3n de Asociaciones de Mujeres de La Alpujarra"},"content":{"rendered":"<p>\u00abLas Mujeres de La Alpujarra sembramos semillas, desenraizamos violencias\u00bb es el logo que llevamos muchas mujeres a la marcha de noviembre 2015 en Madrid contra la violencia de g\u00e9nero como pacto estatal. Tambi\u00e9n es el t\u00edtulo que hemos decidido adoptar para este und\u00e8cimo encuentro de la Federaci\u00f3n pues son las semillas las que reunir\u00e1n a m\u00e1s de 400 mujeres en Tur\u00f3n para intercambiar experiencias, variedades y muchas m\u00e1s actividades en torno a este patrimonio de la humanidad. Durante generaciones se han cultivado en La Alpuajrra cientos de semillas tradicionales y locales que han sido repertoriadas y clasificadas para que no se pierda este saber tradicional. Muchas de las mujeres rurales cont\u00ednuan guardando sus semillas y esta ser\u00e1 un momento especial para volver a reivindicar este patrimonio de nuestra comarca. Esta celebraci\u00f3n de las semillas contar\u00e1 con varias actividades alrededor de talleres, un mecado agroecol\u00f3gico y artesanal, un intecambio de semillas y algunas ponencias sobre el tema.<\/p>\n<p>En la Plaza de Tur\u00f3n, de 10 de la ma\u00f1ana a 6 de la tarde, el domingo 12 de junio del 2016.<\/p>\n<p>&nbsp;<\/p>\n","protected":false},"excerpt":{"rendered":"<p>\u00abLas Mujeres de La Alpujarra sembramos semillas, desenraizamos violencias\u00bb es el logo que llevamos muchas mujeres a la marcha de noviembre 2015 en Madrid contra la violencia de g\u00e9nero como pacto estatal. Tambi\u00e9n es el t\u00edtulo que hemos decidido adoptar&#8230;<\/p>\n","protected":false},"author":2,"featured_media":4146,"comment_status":"closed","ping_status":"closed","sticky":false,"template":"","format":"standard","meta":{"footnotes":""},"categories":[42,45,25,21,37],"tags":[],"_links":{"self":[{"href":"https:\/\/www.servidasenred.net\/net\/wp-json\/wp\/v2\/posts\/4101"}],"collection":[{"href":"https:\/\/www.servidasenred.net\/net\/wp-json\/wp\/v2\/posts"}],"about":[{"href":"https:\/\/www.servidasenred.net\/net\/wp-json\/wp\/v2\/types\/post"}],"author":[{"embeddable":true,"href":"https:\/\/www.servidasenred.net\/net\/wp-json\/wp\/v2\/users\/2"}],"replies":[{"embeddable":true,"href":"https:\/\/www.servidasenred.net\/net\/wp-json\/wp\/v2\/comments?post=4101"}],"version-history":[{"count":0,"href":"https:\/\/www.servidasenred.net\/net\/wp-json\/wp\/v2\/posts\/4101\/revisions"}],"wp:featuredmedia":[{"embeddable":true,"href":"https:\/\/www.servidasenred.net\/net\/wp-json\/wp\/v2\/media\/4146"}],"wp:attachment":[{"href":"https:\/\/www.servidasenred.net\/net\/wp-json\/wp\/v2\/media?parent=4101"}],"wp:term":[{"taxonomy":"category","embeddable":true,"href":"https:\/\/www.servidasenred.net\/net\/wp-json\/wp\/v2\/categories?post=4101"},{"taxonomy":"post_tag","embeddable":true,"href":"https:\/\/www.servidasenred.net\/net\/wp-json\/wp\/v2\/tags?post=4101"}],"curies":[{"name":"wp","href":"https:\/\/api.w.org\/{rel}","templated":true}]}}