{"id":4102,"date":"2016-03-30T10:36:57","date_gmt":"2016-03-30T09:36:57","guid":{"rendered":"http:\/\/www.servidasenred.net\/net\/?p=4102"},"modified":"2016-03-30T10:36:57","modified_gmt":"2016-03-30T09:36:57","slug":"conferencia-el-teatro-como-vida","status":"publish","type":"post","link":"https:\/\/www.servidasenred.net\/net\/conferencia-el-teatro-como-vida\/","title":{"rendered":"Conferencia \u00abEl Teatro como Vida\u00bb"},"content":{"rendered":"<p>Con ocasi\u00f3n del D\u00eda Internacional del teatro que se celebr\u00f3 el 27 de marzo, Marta S\u00e1nchez, Licenciada en Direcci\u00f3n Esc\u00e9nica y Dramaturgia, Escritora y Directora Pedagoga, ofrecer\u00e1 la conferencia \u00abEl Teatro como Vida\u00bb, el viernes 1 de abril, a las 20h30, en el Sal\u00f3n de Actos del Centro San Agust\u00edn, en Motril.<br \/>\nM\u00e1s informaci\u00f3n en su blog: LA PO\u00c9TICA ESC\u00c9NICA o en el p\u00e9rfil de Ser-vidas en Red: http:\/\/www.servidasenred.net\/net\/oferta\/arte-dramatico-escritora-y-formacion\/<\/p>\n","protected":false},"excerpt":{"rendered":"<p>Con ocasi\u00f3n del D\u00eda Internacional del teatro que se celebr\u00f3 el 27 de marzo, Marta S\u00e1nchez, Licenciada en Direcci\u00f3n Esc\u00e9nica y Dramaturgia, Escritora y Directora Pedagoga, ofrecer\u00e1 la conferencia \u00abEl Teatro como Vida\u00bb, el viernes 1 de abril, a las&#8230;<\/p>\n","protected":false},"author":2,"featured_media":4103,"comment_status":"closed","ping_status":"closed","sticky":false,"template":"","format":"standard","meta":{"footnotes":""},"categories":[42,28,25,37],"tags":[],"_links":{"self":[{"href":"https:\/\/www.servidasenred.net\/net\/wp-json\/wp\/v2\/posts\/4102"}],"collection":[{"href":"https:\/\/www.servidasenred.net\/net\/wp-json\/wp\/v2\/posts"}],"about":[{"href":"https:\/\/www.servidasenred.net\/net\/wp-json\/wp\/v2\/types\/post"}],"author":[{"embeddable":true,"href":"https:\/\/www.servidasenred.net\/net\/wp-json\/wp\/v2\/users\/2"}],"replies":[{"embeddable":true,"href":"https:\/\/www.servidasenred.net\/net\/wp-json\/wp\/v2\/comments?post=4102"}],"version-history":[{"count":0,"href":"https:\/\/www.servidasenred.net\/net\/wp-json\/wp\/v2\/posts\/4102\/revisions"}],"wp:featuredmedia":[{"embeddable":true,"href":"https:\/\/www.servidasenred.net\/net\/wp-json\/wp\/v2\/media\/4103"}],"wp:attachment":[{"href":"https:\/\/www.servidasenred.net\/net\/wp-json\/wp\/v2\/media?parent=4102"}],"wp:term":[{"taxonomy":"category","embeddable":true,"href":"https:\/\/www.servidasenred.net\/net\/wp-json\/wp\/v2\/categories?post=4102"},{"taxonomy":"post_tag","embeddable":true,"href":"https:\/\/www.servidasenred.net\/net\/wp-json\/wp\/v2\/tags?post=4102"}],"curies":[{"name":"wp","href":"https:\/\/api.w.org\/{rel}","templated":true}]}}