{"id":4133,"date":"2016-04-28T11:27:59","date_gmt":"2016-04-28T10:27:59","guid":{"rendered":"http:\/\/www.servidasenred.net\/net\/?p=4133"},"modified":"2016-04-28T11:29:41","modified_gmt":"2016-04-28T10:29:41","slug":"festival-viva-la-vega","status":"publish","type":"post","link":"https:\/\/www.servidasenred.net\/net\/festival-viva-la-vega\/","title":{"rendered":"Festival \u00abViva la vega\u00bb"},"content":{"rendered":"<p>Ser-vidas en Red estar\u00e1 participando en el IV Festival Viva la Vega Granada, que se celebrar\u00e1 el pr\u00f3ximo 7 de mayo 2016 en la Feria de muestras de Armilla (Granada). El objetivo principal de este festival musical y cultural es el de proteger y defender un modelo de desarrollo sostenible para la Vega de Granada.<br \/>\nEl Festival contar\u00e1 con actividades culturales y conciertos todos ellos gratuitos a partir de las 13:00 horas, entre las que se incluyen:<br \/>\nDegustaciones, catas de productos de la Vega granadina\u00a0 y \u201dla Paella de la Vega\u201d.<br \/>\nEco-movilidad y energ\u00edas renovables: veh\u00edculos el\u00e9ctricos y circuitos para bicis y patines.<br \/>\nTalleres sobre el aprovechamiento de los recursos de la Vega: plantas curativas, aceites esenciales, artesan\u00eda\u2026<\/p>\n<p>Les invitamos a que nos acompa\u00f1en este d\u00eda donde estar\u00e1n algunas de las mujeres que participan en la plataforma de Ser-vidas en Red con muchos de los productos elaborados en La Alpujarra!<\/p>\n","protected":false},"excerpt":{"rendered":"<p>Ser-vidas en Red estar\u00e1 participando en el IV Festival Viva la Vega Granada, que se celebrar\u00e1 el pr\u00f3ximo 7 de mayo 2016 en la Feria de muestras de Armilla (Granada). El objetivo principal de este festival musical y cultural es&#8230;<\/p>\n","protected":false},"author":2,"featured_media":4134,"comment_status":"closed","ping_status":"closed","sticky":false,"template":"","format":"standard","meta":{"footnotes":""},"categories":[42,28,25,21,37],"tags":[],"_links":{"self":[{"href":"https:\/\/www.servidasenred.net\/net\/wp-json\/wp\/v2\/posts\/4133"}],"collection":[{"href":"https:\/\/www.servidasenred.net\/net\/wp-json\/wp\/v2\/posts"}],"about":[{"href":"https:\/\/www.servidasenred.net\/net\/wp-json\/wp\/v2\/types\/post"}],"author":[{"embeddable":true,"href":"https:\/\/www.servidasenred.net\/net\/wp-json\/wp\/v2\/users\/2"}],"replies":[{"embeddable":true,"href":"https:\/\/www.servidasenred.net\/net\/wp-json\/wp\/v2\/comments?post=4133"}],"version-history":[{"count":0,"href":"https:\/\/www.servidasenred.net\/net\/wp-json\/wp\/v2\/posts\/4133\/revisions"}],"wp:featuredmedia":[{"embeddable":true,"href":"https:\/\/www.servidasenred.net\/net\/wp-json\/wp\/v2\/media\/4134"}],"wp:attachment":[{"href":"https:\/\/www.servidasenred.net\/net\/wp-json\/wp\/v2\/media?parent=4133"}],"wp:term":[{"taxonomy":"category","embeddable":true,"href":"https:\/\/www.servidasenred.net\/net\/wp-json\/wp\/v2\/categories?post=4133"},{"taxonomy":"post_tag","embeddable":true,"href":"https:\/\/www.servidasenred.net\/net\/wp-json\/wp\/v2\/tags?post=4133"}],"curies":[{"name":"wp","href":"https:\/\/api.w.org\/{rel}","templated":true}]}}