{"id":4140,"date":"2016-06-02T12:14:09","date_gmt":"2016-06-02T11:14:09","guid":{"rendered":"http:\/\/www.servidasenred.net\/net\/?p=4140"},"modified":"2016-06-02T12:14:09","modified_gmt":"2016-06-02T11:14:09","slug":"que-hace-que-un-hombre-sea-un-hombre","status":"publish","type":"post","link":"https:\/\/www.servidasenred.net\/net\/que-hace-que-un-hombre-sea-un-hombre\/","title":{"rendered":"Q\u00fae hace que un hombre sea un hombre?"},"content":{"rendered":"<p>Jes\u00fas Mu\u00f1oz es el coordinador de la Red Iberoamericana y Africana de Masculinidades y viene desde Cuba para presentarnos esta charla-taller junto con Franches Belenguer del Grupo de Hombres por la Igualdad de G\u00e9nero de Granada sobre las construcciones de los mandatos de g\u00e9nero en nuestras actuales sociedades\u00a0 con perspectiva feminista. Qu\u00e9 hace que un hombre sea un hombre emula la afirmaci\u00f3n lanzada por Simone de Beauvoir el siglo pasado: una mujer no nace, se hace. Y las dos frases nos hablan de c\u00f3mo la sociedad va modelando los diferentes patrones de lo que debe ser un hombre y una mujer, desde diferentes \u00e1mbitos y esferas y los desaf\u00edos que desde una mirada sobre las masculinidades y la \u00f3ptica feminista se presentan frente a esta realidad. En un mundo en igualdad, los roles de g\u00e9nero no deben ser construidos seg\u00fan los esterotipos anquilosados en el patriarcado y patrones de dominaci\u00f3n sino en un balance igualitario sobre quienes somos y c\u00f3mo queremos vivir en sociedades sostenibles, humanas y justas socialmente. U<\/p>\n<p>Este ser\u00e1 un encuentro de experiencias entre Cuba y el estado espa\u00f1ol que se realizar\u00e1 el domingo 5 de junio en el Antiguo Ayuntamiento de \u00d3rgiva a las 11 de la ma\u00f1ana.<\/p>\n","protected":false},"excerpt":{"rendered":"<p>Jes\u00fas Mu\u00f1oz es el coordinador de la Red Iberoamericana y Africana de Masculinidades y viene desde Cuba para presentarnos esta charla-taller junto con Franches Belenguer del Grupo de Hombres por la Igualdad de G\u00e9nero de Granada sobre las construcciones de&#8230;<\/p>\n","protected":false},"author":2,"featured_media":4144,"comment_status":"closed","ping_status":"closed","sticky":false,"template":"","format":"standard","meta":{"footnotes":""},"categories":[42,25,37],"tags":[],"_links":{"self":[{"href":"https:\/\/www.servidasenred.net\/net\/wp-json\/wp\/v2\/posts\/4140"}],"collection":[{"href":"https:\/\/www.servidasenred.net\/net\/wp-json\/wp\/v2\/posts"}],"about":[{"href":"https:\/\/www.servidasenred.net\/net\/wp-json\/wp\/v2\/types\/post"}],"author":[{"embeddable":true,"href":"https:\/\/www.servidasenred.net\/net\/wp-json\/wp\/v2\/users\/2"}],"replies":[{"embeddable":true,"href":"https:\/\/www.servidasenred.net\/net\/wp-json\/wp\/v2\/comments?post=4140"}],"version-history":[{"count":0,"href":"https:\/\/www.servidasenred.net\/net\/wp-json\/wp\/v2\/posts\/4140\/revisions"}],"wp:featuredmedia":[{"embeddable":true,"href":"https:\/\/www.servidasenred.net\/net\/wp-json\/wp\/v2\/media\/4144"}],"wp:attachment":[{"href":"https:\/\/www.servidasenred.net\/net\/wp-json\/wp\/v2\/media?parent=4140"}],"wp:term":[{"taxonomy":"category","embeddable":true,"href":"https:\/\/www.servidasenred.net\/net\/wp-json\/wp\/v2\/categories?post=4140"},{"taxonomy":"post_tag","embeddable":true,"href":"https:\/\/www.servidasenred.net\/net\/wp-json\/wp\/v2\/tags?post=4140"}],"curies":[{"name":"wp","href":"https:\/\/api.w.org\/{rel}","templated":true}]}}