{"id":4197,"date":"2017-12-13T18:24:21","date_gmt":"2017-12-13T17:24:21","guid":{"rendered":"http:\/\/www.servidasenred.net\/net\/?p=4197"},"modified":"2017-12-13T19:48:39","modified_gmt":"2017-12-13T18:48:39","slug":"otra-forma-de-hacer-economia-jornadas-comarcales","status":"publish","type":"post","link":"https:\/\/www.servidasenred.net\/net\/otra-forma-de-hacer-economia-jornadas-comarcales\/","title":{"rendered":"Otra forma de hacer econom\u00eda &#8211; Jornadas comarcales"},"content":{"rendered":"<p>Econom\u00eda social, solidaria y bien com\u00fan: \u00abQueremos seguir viviendo en nuestros pueblos\u00bb.<br \/>\nSe celebrar\u00e1 en \u00d3rgiva una de las jornadas comarcales organizadas por la Diputaci\u00f3n de Granada en colaboraci\u00f3n con FAECTA.<\/p>\n<p>Un ciclo de jornadas resultado de las enmiendas presentadas por el grupo provincial Vamos, Granada a los presupuestos de 2017 de la Diputaci\u00f3n de Granada, con el objetivo de difundir y profundizar en el cambio de modelo socioecon\u00f3mico<br \/>\nnecesario para un desarrollo comunitario en el mundo rural desde las llamadas \u201cotras econom\u00edas\u201d.<\/p>\n<p>La realizaci\u00f3n de estas jornadas ha sido posible gracias a la reciente firma del \u2018Pacto Provincial por una Econom\u00eda Social, Solidaria y del Bien Com\u00fan\u2019 en la instituci\u00f3n provincial, fruto de la moci\u00f3n presentada por el grupo Vamos, Granada<br \/>\ny que fue aprobada por unanimidad en el pleno de la Diputaci\u00f3n de Granada.<\/p>\n<p>&nbsp;<\/p>\n<p><a href=\"https:\/\/www.faecta.coop\/index.php?id=14&amp;tx_ttnews%5Btt_news%5D=5659&amp;cHash=537c2a4999474f8842140669dac28d61\">https:\/\/www.faecta.coop\/index.php?id=14&amp;tx_ttnews%5Btt_news%5D=5659&amp;cHash=537c2a4999474f8842140669dac28d61<\/a><\/p>\n","protected":false},"excerpt":{"rendered":"<p>Econom\u00eda social, solidaria y bien com\u00fan: \u00abQueremos seguir viviendo en nuestros pueblos\u00bb. Se celebrar\u00e1 en \u00d3rgiva una de las jornadas comarcales organizadas por la Diputaci\u00f3n de Granada en colaboraci\u00f3n con FAECTA. Un ciclo de jornadas resultado de las enmiendas presentadas&#8230;<\/p>\n","protected":false},"author":2,"featured_media":4205,"comment_status":"closed","ping_status":"closed","sticky":false,"template":"","format":"standard","meta":{"footnotes":""},"categories":[42,28,25,37],"tags":[],"_links":{"self":[{"href":"https:\/\/www.servidasenred.net\/net\/wp-json\/wp\/v2\/posts\/4197"}],"collection":[{"href":"https:\/\/www.servidasenred.net\/net\/wp-json\/wp\/v2\/posts"}],"about":[{"href":"https:\/\/www.servidasenred.net\/net\/wp-json\/wp\/v2\/types\/post"}],"author":[{"embeddable":true,"href":"https:\/\/www.servidasenred.net\/net\/wp-json\/wp\/v2\/users\/2"}],"replies":[{"embeddable":true,"href":"https:\/\/www.servidasenred.net\/net\/wp-json\/wp\/v2\/comments?post=4197"}],"version-history":[{"count":0,"href":"https:\/\/www.servidasenred.net\/net\/wp-json\/wp\/v2\/posts\/4197\/revisions"}],"wp:featuredmedia":[{"embeddable":true,"href":"https:\/\/www.servidasenred.net\/net\/wp-json\/wp\/v2\/media\/4205"}],"wp:attachment":[{"href":"https:\/\/www.servidasenred.net\/net\/wp-json\/wp\/v2\/media?parent=4197"}],"wp:term":[{"taxonomy":"category","embeddable":true,"href":"https:\/\/www.servidasenred.net\/net\/wp-json\/wp\/v2\/categories?post=4197"},{"taxonomy":"post_tag","embeddable":true,"href":"https:\/\/www.servidasenred.net\/net\/wp-json\/wp\/v2\/tags?post=4197"}],"curies":[{"name":"wp","href":"https:\/\/api.w.org\/{rel}","templated":true}]}}